{"id":1301,"date":"2022-06-13T16:03:00","date_gmt":"2022-06-13T14:03:00","guid":{"rendered":"https:\/\/www.diagnostica-della-mente.it\/blog\/?p=1301"},"modified":"2022-07-09T19:28:03","modified_gmt":"2022-07-09T17:28:03","slug":"autismo-e-occupazione","status":"publish","type":"post","link":"https:\/\/www.diagnostica-della-mente.it\/blog\/disturbo-dello-spettro-autistico\/autismo-e-occupazione\/","title":{"rendered":"Autismo e occupazione"},"content":{"rendered":"<p>Dopo i primi due anni di universit\u00e0, Debbie D. ha lavorato part-time e negli ultimi due anni \u00e8 passata al tempo pieno, parallelamente agli studi. Tuttavia, questo ammirevole gioco di prestigio la rendeva cos\u00ec nervosa da dimenticarsi di mangiare, pettinarsi o fare il pieno alla macchina: &#8220;Ho finito il carburante in autostrada pi\u00f9 di una volta&#8221;. Cos\u00ec ha atteso con ansia la laurea nel 2007, pensando che quando si sarebbe potuta concentrare sulla sua carriera, la vita sarebbe stata pi\u00f9 facile. Si sbagliava.<\/p>\n<p>A 22 anni &#8220;stavo per trasferirmi nel mio primo appartamento&#8221;. &#8211; ricorda Debbie &#8211; &#8220;Stavo imparando a pagare le mie bollette, ad abituarmi a una nuova routine al di fuori della struttura scolastica e a imparare cosa significa essere una professionista&#8221;. Il passaggio alla vita adulta ha continuato a mettere a dura prova le sue capacit\u00e0 esecutive, come la pianificazione, la gestione del tempo e il multitasking. Nel frattempo, una promozione a capo turno presso la stessa societ\u00e0 di servizi umanitari che l&#8217;aveva assunta durante l&#8217;universit\u00e0 ha esacerbato le difficolt\u00e0 sociali e sensoriali associate al suo <a href=\"https:\/\/www.diagnostica-della-mente.it\/test-dello-spettro-autistico\">disturbo dello spettro autistico<\/a> (ASD). Quattro anni dopo aver conseguito la laurea, ha dichiarato: &#8220;Sto ancora cercando di imparare tutto&#8221;.<\/p>\n<p>Nonostante le sue lotte, Debbie supera le probabilit\u00e0 molto scarse tra i giovani con ASD a tutti i livelli dello spettro. I caregiver e gli attivisti della comunit\u00e0 sono da tempo seriamente preoccupati per il futuro della &#8220;grande ondata&#8221; di bambini e ragazzi con diagnosi di ASD &#8211; mezzo milione o pi\u00f9 &#8211; che usciranno dal sistema educativo e di sostegno previsto dalla legge federale sugli individui con disabilit\u00e0 (IDEA) nel prossimo decennio. I ragazzi e i loro genitori si trovano di fronte a una grande incertezza riguardo ai servizi per adulti, all&#8217;istruzione post-secondaria e alle opportunit\u00e0 di lavoro.<\/p>\n<h4>Sfide legate al lavoro<\/h4>\n<p>I loro timori sono stati confermati dallo studio pi\u00f9 ampio e definitivo finora condotto, che ha analizzato come le persone autistiche affrontano la vita dopo la scuola superiore. Lo studio ha rilevato che due anni dopo aver lasciato la scuola, la met\u00e0 dei giovani con ASD non ha alcuna esperienza di lavoro retribuito, n\u00e9 di istruzione tecnica o superiore. A quasi sette anni dall&#8217;uscita dalla scuola, i numeri stanno migliorando, ma restano negativi: uno su tre non ha un lavoro retribuito n\u00e9 un&#8217;istruzione post-secondaria. Si tratta di una percentuale pi\u00f9 alta di persone escluse dal mondo del lavoro rispetto ad altre disabilit\u00e0, tra cui il ritardo mentale, e il rischio di risultati peggiori \u00e8 maggiore per chi proviene da famiglie a basso reddito e per chi ha una maggiore compromissione funzionale.<\/p>\n<p>Lo studio documenta &#8220;ci\u00f2 che sospettavamo da tempo: che la popolazione di giovani adulti affetti da autismo affronta significative sfide occupazionali aggiuntive rispetto a quelle affrontate da molte altre popolazioni di disabili&#8221;. &#8211; afferma il dottor Scott Standifer, istruttore clinico presso l&#8217;ufficio Politiche e Studi sulla Disabilit\u00e0 dell&#8217;Universit\u00e0 del Missouri. Sebbene i numeri non siano cos\u00ec sconfortanti come il tasso di disoccupazione dell&#8217;80% spesso citato &#8211; senza alcuna statistica solida a sostegno &#8211; lo studio prende in considerazione solo le persone con spettro che sono state identificate nei programmi di educazione speciale a scuola nel 2000 e non include gli adulti pi\u00f9 anziani che sono usciti prima del 2000. Se questo gruppo fosse stato incluso, il quadro sarebbe certamente pi\u00f9 desolante.<\/p>\n<p>&#8220;Le generazioni precedenti di bambini con autismo non hanno avuto l&#8217;intervento precoce e il supporto intensivo che la nostra generazione attuale ha sperimentato&#8221;. &#8211; dice Standifer. A meno che non abbiano ricevuto questo tipo di intervento da &#8220;genitori ispirati e persuasivi&#8221;. &#8211; come nel caso di Temple Grandin, una sostenitrice dell&#8217;autismo &#8211; probabilmente hanno ricevuto una diagnosi errata e sono stati dati in affidamento, oppure sono stati considerati strani o &#8220;pazzi&#8221; e abbandonati a se stessi.<\/p>\n<h4>&#8220;Disabilit\u00e0 invisibile&#8221;<\/h4>\n<p>\u00c8 importante notare che le persone intervistate in questo studio presentano una serie di disabilit\u00e0, comprese quelle con diagnosi di sindrome di Asperger. Il fatto che una persona con autismo sia molto abile verbalmente e meno visibilmente compromessa, non significa che &#8220;invecchier\u00e0&#8221; senza comprendere le regole non scritte dell&#8217;impegno sociale che le permettono di tenere conversazioni, di lavorare liberamente in gruppo e di leggere gli indizi sociali come l&#8217;intonazione e il linguaggio del corpo, e che svolgono un ruolo cos\u00ec importante nel mondo del lavoro.<\/p>\n<p>Temple Grandin era cos\u00ec preoccupata per la disoccupazione delle persone meno colpite dall&#8217;autismo che ha raccolto una serie di saggi di persone di successo con ASD in diversi settori in un libro intitolato &#8220;Different &#8230; Non meno&#8221; per ispirare i giovani. Grandin, che ha paragonato le sue sfide di comunicazione sociale all&#8217;essere un&#8217;antropologa su Marte, ha dichiarato a Salon di essere stata motivata a scrivere il libro dal fatto di aver &#8220;visto troppe persone con autismo ad alto funzionamento e sindrome di Asperger non riuscire a trovare lavoro e ad entrare nella vita adulta&#8221;.<\/p>\n<p>&#8220;Avendo lavorato nel settore tecnologico per tutta la mia vita adulta&#8221;, ha detto, &#8220;penso a me stessa: &#8216;Dove sono gli Aspie? Penso alle persone con cui ho frequentato l&#8217;universit\u00e0, ai ragazzi che erano strani, agli altri ragazzi. Una delle cose che danneggiano le persone con la sindrome di Asperger oggi \u00e8 che non imparano le abilit\u00e0 sociali dalle persone pi\u00f9 anziane dello spettro che sono riuscite a lavorare nella vita&#8221;.<\/p>\n<h4>Difficolt\u00e0 a leggere tra le righe<\/h4>\n<p>Debbie racconta che quando \u00e8 diventata supervisore, i suoi deficit sociali hanno rappresentato un&#8217;enorme curva di apprendimento. Dice che quando si ha difficolt\u00e0 a leggere tra le righe, \u00e8 difficile capire che &#8220;a volte le persone dicono cose che non pensano, o tralasciano informazioni che in realt\u00e0 dovrebbero sapere, e che come persona di contatto bisogna colmare le lacune&#8221;.<\/p>\n<p>Tuttavia, le conseguenze della sua disabilit\u00e0 sono molto pi\u00f9 gravi. &#8220;Non essere in grado di partecipare a conversazioni importanti pu\u00f2 avere un impatto negativo sulla mia carriera nel lungo periodo&#8221;. &#8211; Debbie dice. &#8220;Quando non fate le domande giuste durante la formazione, non offrite le vostre conoscenze ed esperienze durante le riunioni e non presentate le vostre esigenze e i vostri problemi a coloro che possono fare qualcosa, il vostro valore inizia a perdere terreno&#8221;.<\/p>\n<p>Allo stesso tempo, Debbie dice che la sua ansia nelle conversazioni casuali porta gli altri a giudicarla male. Prima possono pensare che sia solo molto timida, poi che sia riservata e timida e infine che sia &#8220;strana, eccentrica, solitaria e riservata&#8221;.<\/p>\n<h4>Idee sbagliate sull&#8217;ufficio<\/h4>\n<p>&#8220;Quando non si guarda qualcuno negli occhi, questo viene visto come arroganza o maleducazione, non come prova che non si \u00e8 in grado di farlo a causa della propria disabilit\u00e0&#8221;, aggiunge Lynne Soraya, che scrive Psychology Today&#8217;s Asperger&#8217;s Diary quando non lavora per un&#8217;azienda Fortune 500. &#8220;Quando non si legge il sottile linguaggio del corpo di qualcuno, si presume che si sia una persona insensibile o, peggio, un bullo che non sa quando farsi da parte&#8221;.<\/p>\n<p>L&#8217;onest\u00e0 di una persona con ASD &#8211; qualcuno potrebbe definirla una mancanza di filtro &#8211; viene vista come ostilit\u00e0 e porta all&#8217;esclusione da riunioni e attivit\u00e0 importanti come pranzi e aperitivi dopo il lavoro. \u00c8 qui che una disabilit\u00e0 invisibile &#8220;crea difficolt\u00e0 uniche&#8221;. &#8211; Dice Soraya. &#8220;Quando non si corrisponde allo stereotipo di disabilit\u00e0, molte caratteristiche di disturbi come la sindrome di Asperger possono essere viste come carenze caratteriali o morali, o semplicemente come se non ci si impegnasse abbastanza&#8221;.<\/p>\n<h4>Sfide sensoriali<\/h4>\n<p>Ma i problemi sensoriali, cos\u00ec comuni tra le persone dello spettro, possono essere l&#8217;ostacolo pi\u00f9 profondo al lavoro per alcuni. &#8220;Lavorare in uffici, tra file interminabili di cubicoli, luci fluorescenti e fotocopiatrici commerciali pu\u00f2 essere assordante&#8221;. &#8211; Debbie dice. &#8220;Non mi distraggo soltanto, vivo in uno stato di distrazione. Posso presentarmi bene come un lavoratore attento e concentrato, ma in realt\u00e0 tutto ci\u00f2 che faccio \u00e8 concentrarmi molto duramente sullo stare fermo al mio posto.<\/p>\n<p>Aggiunge che i problemi sensoriali possono sopraffarla a tal punto che le sue funzioni esecutive &#8220;escono dalla finestra&#8221;. Nei giorni in cui si concentra esclusivamente su stimoli sensoriali specifici, cerca di suddividere la giornata in segmenti pi\u00f9 piccoli e gestibili. Ad esempio, potrebbe riservare 30 minuti per leggere un&#8217;e-mail e poi un&#8217;ora per incontrare il personale. &#8220;Ma quando mi concentro sulla luce tremolante che attraversa il pavimento&#8230;&#8221;. &#8211; dice &#8211; &#8220;Cerco di eliminare le attivit\u00e0 che so che possono aspettare&#8221;.<\/p>\n<p>Il problema: Debbie si \u00e8 resa conto che ci\u00f2 che fa quando \u00e8 concentrata &#8211; scorrere le dita tra le cartelle, accovacciarsi sul bordo della sedia, girare i capelli, alzarsi e sedersi ripetutamente &#8211; appare come disattenzione o distrazione a colleghi e supervisori. Ecco perch\u00e9, nei giorni di maggiore attivit\u00e0, cerca di arrivare prima o di rimanere fino a tardi &#8220;cos\u00ec nessuno mi vede&#8221;.<\/p>\n<p>Soraya ricorda che una volta, quando schioccava ansiosamente le dita, un collega l&#8217;ha rimproverata di essere impaziente, mentre in realt\u00e0 si trattava di uno &#8220;stimolo&#8221;, o stimolazione, di autosostegno, pi\u00f9 comunemente associato all&#8217;ondeggiare negli autistici meno verbali, ma che si presenta in varie forme a tutti i livelli dello spettro.<\/p>\n<h4>L&#8217;imprevedibilit\u00e0 \u00e8 causa di stress<\/h4>\n<p>Anche quando una persona come Debbie \u00e8 in grado di assumere un certo controllo dell&#8217;ambiente in cui vive, spesso il posto di lavoro \u00e8 molto imprevedibile, il che pu\u00f2 causare un forte stress sulla funzione esecutiva, osserva Ron J. Steingard, PhD, psicofarmacologo senior per l&#8217;infanzia presso il Child Mind Institute. &#8220;Una persona con sindrome di Asperger o autismo pu\u00f2 funzionare molto bene se sviluppa una routine sul lavoro&#8221;. &#8211; dice. Ma quando accade qualcosa che non dovrebbe accadere e la routine viene cambiata o interrotta, la persona pu\u00f2 avere una capacit\u00e0 pi\u00f9 limitata rispetto agli altri di rispondere in modo &#8220;flessibile&#8221; alle mutate esigenze. Questo pu\u00f2 portare a una maggiore frustrazione, al ritiro e forse a prestazioni pi\u00f9 scarse in queste situazioni&#8221;.<\/p>\n<p>Debbie sente di essere perennemente indietro.<\/p>\n<p>&#8220;Sono decisamente indietro rispetto ai miei coetanei quando si tratta di indipendenza e di essere un giovane professionista&#8221;. &#8211; dice. &#8220;Non sono amico di nessuno con lo spettro, e gli amici che ho stanno crescendo pi\u00f9 velocemente di me. La maggior parte di loro ha intrapreso carriere di successo, si \u00e8 sposata e ha messo su famiglia. Sto ancora lavorando per vivere in modo indipendente (pagare le bollette, fare la spesa e possedere un&#8217;auto). Vivo a poche ore di distanza dai miei genitori, che l&#8217;anno prossimo si trasferiranno a poche ore di distanza. Cerco di fare affidamento su di loro il meno possibile, sapendo che l&#8217;anno prossimo questo sistema di supporto non ci sar\u00e0 pi\u00f9&#8221;.<\/p>\n<p>Questa \u00e8 la terza parte di una serie sulla crescita e l&#8217;invecchiamento dei giovani con autismo. La prima parte tratta la ricerca (e talvolta l&#8217;invenzione) di buone opzioni abitative supportate. La seconda parte parla dell&#8217;accesso all&#8217;universit\u00e0 per le persone con autismo.<\/p>\n<h4><span style=\"text-decoration: underline;\">Per saperne di pi\u00f9<\/span><\/h4>\n<ul>\n<li>childmind.org\/article\/autism-and-employment\/<\/li>\n<\/ul>\n","protected":false},"excerpt":{"rendered":"<p>Dopo i primi due anni di universit\u00e0, Debbie D. ha lavorato part-time e negli ultimi due anni \u00e8 passata al tempo pieno, parallelamente agli studi&#8230;.<\/p>\n","protected":false},"author":1,"featured_media":1317,"comment_status":"closed","ping_status":"open","sticky":false,"template":"","format":"standard","meta":{"inline_featured_image":false},"categories":[44],"tags":[210,209,211,213,208,212],"yoast_head":"<!-- This site is optimized with the Yoast SEO plugin v18.1 - https:\/\/yoast.com\/wordpress\/plugins\/seo\/ -->\n<title>Autismo e occupazione - Diagnostica Della Mente<\/title>\n<meta name=\"robots\" content=\"index, follow, max-snippet:-1, max-image-preview:large, max-video-preview:-1\" \/>\n<link rel=\"canonical\" href=\"https:\/\/www.diagnostica-della-mente.it\/blog\/disturbo-dello-spettro-autistico\/autismo-e-occupazione\/\" \/>\n<meta property=\"og:locale\" content=\"it_IT\" \/>\n<meta property=\"og:type\" content=\"article\" \/>\n<meta property=\"og:title\" content=\"Autismo e occupazione - Diagnostica Della Mente\" \/>\n<meta property=\"og:description\" content=\"Dopo i primi due anni di universit\u00e0, Debbie D. ha lavorato part-time e negli ultimi due anni \u00e8 passata al tempo pieno, parallelamente agli studi....\" \/>\n<meta property=\"og:url\" content=\"https:\/\/www.diagnostica-della-mente.it\/blog\/disturbo-dello-spettro-autistico\/autismo-e-occupazione\/\" \/>\n<meta property=\"og:site_name\" content=\"Diagnostica Della Mente\" \/>\n<meta property=\"article:published_time\" content=\"2022-06-13T14:03:00+00:00\" \/>\n<meta property=\"article:modified_time\" content=\"2022-07-09T17:28:03+00:00\" \/>\n<meta property=\"og:image\" content=\"https:\/\/www.diagnostica-della-mente.it\/blog\/wp-content\/uploads\/2022\/06\/bg_top_default.jpg\" \/>\n\t<meta property=\"og:image:width\" content=\"840\" \/>\n\t<meta property=\"og:image:height\" content=\"202\" \/>\n\t<meta property=\"og:image:type\" content=\"image\/jpeg\" \/>\n<meta name=\"twitter:card\" content=\"summary_large_image\" \/>\n<meta name=\"twitter:label1\" content=\"Scritto da\" \/>\n\t<meta name=\"twitter:data1\" content=\"Diagnostica Mente\" \/>\n\t<meta name=\"twitter:label2\" content=\"Tempo di lettura stimato\" \/>\n\t<meta name=\"twitter:data2\" content=\"10 minuti\" \/>\n<script type=\"application\/ld+json\" class=\"yoast-schema-graph\">{\"@context\":\"https:\/\/schema.org\",\"@graph\":[{\"@type\":\"Organization\",\"@id\":\"https:\/\/www.diagnostica-della-mente.it\/blog\/#organization\",\"name\":\"Diagnostica Della Mente\",\"url\":\"https:\/\/www.diagnostica-della-mente.it\/blog\/\",\"sameAs\":[],\"logo\":{\"@type\":\"ImageObject\",\"@id\":\"https:\/\/www.diagnostica-della-mente.it\/blog\/#logo\",\"inLanguage\":\"it-IT\",\"url\":\"https:\/\/www.diagnostica-della-mente.it\/blog\/wp-content\/uploads\/2022\/02\/Diagnostica-Della-Mente.png\",\"contentUrl\":\"https:\/\/www.diagnostica-della-mente.it\/blog\/wp-content\/uploads\/2022\/02\/Diagnostica-Della-Mente.png\",\"width\":234,\"height\":92,\"caption\":\"Diagnostica Della Mente\"},\"image\":{\"@id\":\"https:\/\/www.diagnostica-della-mente.it\/blog\/#logo\"}},{\"@type\":\"WebSite\",\"@id\":\"https:\/\/www.diagnostica-della-mente.it\/blog\/#website\",\"url\":\"https:\/\/www.diagnostica-della-mente.it\/blog\/\",\"name\":\"Diagnostica Della Mente\",\"description\":\"Blog sui disturbi della mente\",\"publisher\":{\"@id\":\"https:\/\/www.diagnostica-della-mente.it\/blog\/#organization\"},\"potentialAction\":[{\"@type\":\"SearchAction\",\"target\":{\"@type\":\"EntryPoint\",\"urlTemplate\":\"https:\/\/www.diagnostica-della-mente.it\/blog\/?s={search_term_string}\"},\"query-input\":\"required name=search_term_string\"}],\"inLanguage\":\"it-IT\"},{\"@type\":\"ImageObject\",\"@id\":\"https:\/\/www.diagnostica-della-mente.it\/blog\/disturbo-dello-spettro-autistico\/autismo-e-occupazione\/#primaryimage\",\"inLanguage\":\"it-IT\",\"url\":\"https:\/\/www.diagnostica-della-mente.it\/blog\/wp-content\/uploads\/2022\/06\/bg_top_default.jpg\",\"contentUrl\":\"https:\/\/www.diagnostica-della-mente.it\/blog\/wp-content\/uploads\/2022\/06\/bg_top_default.jpg\",\"width\":840,\"height\":202},{\"@type\":\"WebPage\",\"@id\":\"https:\/\/www.diagnostica-della-mente.it\/blog\/disturbo-dello-spettro-autistico\/autismo-e-occupazione\/#webpage\",\"url\":\"https:\/\/www.diagnostica-della-mente.it\/blog\/disturbo-dello-spettro-autistico\/autismo-e-occupazione\/\",\"name\":\"Autismo e occupazione - Diagnostica Della Mente\",\"isPartOf\":{\"@id\":\"https:\/\/www.diagnostica-della-mente.it\/blog\/#website\"},\"primaryImageOfPage\":{\"@id\":\"https:\/\/www.diagnostica-della-mente.it\/blog\/disturbo-dello-spettro-autistico\/autismo-e-occupazione\/#primaryimage\"},\"datePublished\":\"2022-06-13T14:03:00+00:00\",\"dateModified\":\"2022-07-09T17:28:03+00:00\",\"breadcrumb\":{\"@id\":\"https:\/\/www.diagnostica-della-mente.it\/blog\/disturbo-dello-spettro-autistico\/autismo-e-occupazione\/#breadcrumb\"},\"inLanguage\":\"it-IT\",\"potentialAction\":[{\"@type\":\"ReadAction\",\"target\":[\"https:\/\/www.diagnostica-della-mente.it\/blog\/disturbo-dello-spettro-autistico\/autismo-e-occupazione\/\"]}]},{\"@type\":\"BreadcrumbList\",\"@id\":\"https:\/\/www.diagnostica-della-mente.it\/blog\/disturbo-dello-spettro-autistico\/autismo-e-occupazione\/#breadcrumb\",\"itemListElement\":[{\"@type\":\"ListItem\",\"position\":1,\"name\":\"Homepage\",\"item\":\"https:\/\/www.diagnostica-della-mente.it\/blog\/\"},{\"@type\":\"ListItem\",\"position\":2,\"name\":\"Disturbo Dello Spettro Autistico\",\"item\":\"https:\/\/www.diagnostica-della-mente.it\/blog\/disturbo-dello-spettro-autistico\/\"},{\"@type\":\"ListItem\",\"position\":3,\"name\":\"Autismo e occupazione\"}]},{\"@type\":\"Article\",\"@id\":\"https:\/\/www.diagnostica-della-mente.it\/blog\/disturbo-dello-spettro-autistico\/autismo-e-occupazione\/#article\",\"isPartOf\":{\"@id\":\"https:\/\/www.diagnostica-della-mente.it\/blog\/disturbo-dello-spettro-autistico\/autismo-e-occupazione\/#webpage\"},\"author\":{\"@id\":\"https:\/\/www.diagnostica-della-mente.it\/blog\/#\/schema\/person\/8eb1bcaf59fea75c780c11946f4e3490\"},\"headline\":\"Autismo e occupazione\",\"datePublished\":\"2022-06-13T14:03:00+00:00\",\"dateModified\":\"2022-07-09T17:28:03+00:00\",\"mainEntityOfPage\":{\"@id\":\"https:\/\/www.diagnostica-della-mente.it\/blog\/disturbo-dello-spettro-autistico\/autismo-e-occupazione\/#webpage\"},\"wordCount\":1769,\"publisher\":{\"@id\":\"https:\/\/www.diagnostica-della-mente.it\/blog\/#organization\"},\"image\":{\"@id\":\"https:\/\/www.diagnostica-della-mente.it\/blog\/disturbo-dello-spettro-autistico\/autismo-e-occupazione\/#primaryimage\"},\"thumbnailUrl\":\"https:\/\/www.diagnostica-della-mente.it\/blog\/wp-content\/uploads\/2022\/06\/bg_top_default.jpg\",\"keywords\":[\"Difficolt\u00e0 a leggere tra le righe\",\"Disabilit\u00e0 invisibile\",\"Idee sbagliate sull'ufficio\",\"L'imprevedibilit\u00e0 \u00e8 causa di stress\",\"Sfide legate al lavoro\",\"Sfide sensoriali\"],\"articleSection\":[\"Disturbo Dello Spettro Autistico\"],\"inLanguage\":\"it-IT\"},{\"@type\":\"Person\",\"@id\":\"https:\/\/www.diagnostica-della-mente.it\/blog\/#\/schema\/person\/8eb1bcaf59fea75c780c11946f4e3490\",\"name\":\"Diagnostica Mente\",\"image\":{\"@type\":\"ImageObject\",\"@id\":\"https:\/\/www.diagnostica-della-mente.it\/blog\/#personlogo\",\"inLanguage\":\"it-IT\",\"url\":\"https:\/\/secure.gravatar.com\/avatar\/6743211f010801ea26aa9423a2daab37?s=96&d=mm&r=g\",\"contentUrl\":\"https:\/\/secure.gravatar.com\/avatar\/6743211f010801ea26aa9423a2daab37?s=96&d=mm&r=g\",\"caption\":\"Diagnostica Mente\"},\"sameAs\":[\"https:\/\/www.diagnostica-della-mente.it\/blog\"],\"url\":\"https:\/\/www.diagnostica-della-mente.it\/blog\/author\/diagnostyka-umyslu\/\"}]}<\/script>\n<!-- \/ Yoast SEO plugin. -->","yoast_head_json":{"title":"Autismo e occupazione - Diagnostica Della Mente","robots":{"index":"index","follow":"follow","max-snippet":"max-snippet:-1","max-image-preview":"max-image-preview:large","max-video-preview":"max-video-preview:-1"},"canonical":"https:\/\/www.diagnostica-della-mente.it\/blog\/disturbo-dello-spettro-autistico\/autismo-e-occupazione\/","og_locale":"it_IT","og_type":"article","og_title":"Autismo e occupazione - Diagnostica Della Mente","og_description":"Dopo i primi due anni di universit\u00e0, Debbie D. ha lavorato part-time e negli ultimi due anni \u00e8 passata al tempo pieno, parallelamente agli studi....","og_url":"https:\/\/www.diagnostica-della-mente.it\/blog\/disturbo-dello-spettro-autistico\/autismo-e-occupazione\/","og_site_name":"Diagnostica Della Mente","article_published_time":"2022-06-13T14:03:00+00:00","article_modified_time":"2022-07-09T17:28:03+00:00","og_image":[{"width":840,"height":202,"url":"https:\/\/www.diagnostica-della-mente.it\/blog\/wp-content\/uploads\/2022\/06\/bg_top_default.jpg","type":"image\/jpeg"}],"twitter_card":"summary_large_image","twitter_misc":{"Scritto da":"Diagnostica Mente","Tempo di lettura stimato":"10 minuti"},"schema":{"@context":"https:\/\/schema.org","@graph":[{"@type":"Organization","@id":"https:\/\/www.diagnostica-della-mente.it\/blog\/#organization","name":"Diagnostica Della Mente","url":"https:\/\/www.diagnostica-della-mente.it\/blog\/","sameAs":[],"logo":{"@type":"ImageObject","@id":"https:\/\/www.diagnostica-della-mente.it\/blog\/#logo","inLanguage":"it-IT","url":"https:\/\/www.diagnostica-della-mente.it\/blog\/wp-content\/uploads\/2022\/02\/Diagnostica-Della-Mente.png","contentUrl":"https:\/\/www.diagnostica-della-mente.it\/blog\/wp-content\/uploads\/2022\/02\/Diagnostica-Della-Mente.png","width":234,"height":92,"caption":"Diagnostica Della Mente"},"image":{"@id":"https:\/\/www.diagnostica-della-mente.it\/blog\/#logo"}},{"@type":"WebSite","@id":"https:\/\/www.diagnostica-della-mente.it\/blog\/#website","url":"https:\/\/www.diagnostica-della-mente.it\/blog\/","name":"Diagnostica Della Mente","description":"Blog sui disturbi della mente","publisher":{"@id":"https:\/\/www.diagnostica-della-mente.it\/blog\/#organization"},"potentialAction":[{"@type":"SearchAction","target":{"@type":"EntryPoint","urlTemplate":"https:\/\/www.diagnostica-della-mente.it\/blog\/?s={search_term_string}"},"query-input":"required name=search_term_string"}],"inLanguage":"it-IT"},{"@type":"ImageObject","@id":"https:\/\/www.diagnostica-della-mente.it\/blog\/disturbo-dello-spettro-autistico\/autismo-e-occupazione\/#primaryimage","inLanguage":"it-IT","url":"https:\/\/www.diagnostica-della-mente.it\/blog\/wp-content\/uploads\/2022\/06\/bg_top_default.jpg","contentUrl":"https:\/\/www.diagnostica-della-mente.it\/blog\/wp-content\/uploads\/2022\/06\/bg_top_default.jpg","width":840,"height":202},{"@type":"WebPage","@id":"https:\/\/www.diagnostica-della-mente.it\/blog\/disturbo-dello-spettro-autistico\/autismo-e-occupazione\/#webpage","url":"https:\/\/www.diagnostica-della-mente.it\/blog\/disturbo-dello-spettro-autistico\/autismo-e-occupazione\/","name":"Autismo e occupazione - Diagnostica Della Mente","isPartOf":{"@id":"https:\/\/www.diagnostica-della-mente.it\/blog\/#website"},"primaryImageOfPage":{"@id":"https:\/\/www.diagnostica-della-mente.it\/blog\/disturbo-dello-spettro-autistico\/autismo-e-occupazione\/#primaryimage"},"datePublished":"2022-06-13T14:03:00+00:00","dateModified":"2022-07-09T17:28:03+00:00","breadcrumb":{"@id":"https:\/\/www.diagnostica-della-mente.it\/blog\/disturbo-dello-spettro-autistico\/autismo-e-occupazione\/#breadcrumb"},"inLanguage":"it-IT","potentialAction":[{"@type":"ReadAction","target":["https:\/\/www.diagnostica-della-mente.it\/blog\/disturbo-dello-spettro-autistico\/autismo-e-occupazione\/"]}]},{"@type":"BreadcrumbList","@id":"https:\/\/www.diagnostica-della-mente.it\/blog\/disturbo-dello-spettro-autistico\/autismo-e-occupazione\/#breadcrumb","itemListElement":[{"@type":"ListItem","position":1,"name":"Homepage","item":"https:\/\/www.diagnostica-della-mente.it\/blog\/"},{"@type":"ListItem","position":2,"name":"Disturbo Dello Spettro Autistico","item":"https:\/\/www.diagnostica-della-mente.it\/blog\/disturbo-dello-spettro-autistico\/"},{"@type":"ListItem","position":3,"name":"Autismo e occupazione"}]},{"@type":"Article","@id":"https:\/\/www.diagnostica-della-mente.it\/blog\/disturbo-dello-spettro-autistico\/autismo-e-occupazione\/#article","isPartOf":{"@id":"https:\/\/www.diagnostica-della-mente.it\/blog\/disturbo-dello-spettro-autistico\/autismo-e-occupazione\/#webpage"},"author":{"@id":"https:\/\/www.diagnostica-della-mente.it\/blog\/#\/schema\/person\/8eb1bcaf59fea75c780c11946f4e3490"},"headline":"Autismo e occupazione","datePublished":"2022-06-13T14:03:00+00:00","dateModified":"2022-07-09T17:28:03+00:00","mainEntityOfPage":{"@id":"https:\/\/www.diagnostica-della-mente.it\/blog\/disturbo-dello-spettro-autistico\/autismo-e-occupazione\/#webpage"},"wordCount":1769,"publisher":{"@id":"https:\/\/www.diagnostica-della-mente.it\/blog\/#organization"},"image":{"@id":"https:\/\/www.diagnostica-della-mente.it\/blog\/disturbo-dello-spettro-autistico\/autismo-e-occupazione\/#primaryimage"},"thumbnailUrl":"https:\/\/www.diagnostica-della-mente.it\/blog\/wp-content\/uploads\/2022\/06\/bg_top_default.jpg","keywords":["Difficolt\u00e0 a leggere tra le righe","Disabilit\u00e0 invisibile","Idee sbagliate sull'ufficio","L'imprevedibilit\u00e0 \u00e8 causa di stress","Sfide legate al lavoro","Sfide sensoriali"],"articleSection":["Disturbo Dello Spettro Autistico"],"inLanguage":"it-IT"},{"@type":"Person","@id":"https:\/\/www.diagnostica-della-mente.it\/blog\/#\/schema\/person\/8eb1bcaf59fea75c780c11946f4e3490","name":"Diagnostica Mente","image":{"@type":"ImageObject","@id":"https:\/\/www.diagnostica-della-mente.it\/blog\/#personlogo","inLanguage":"it-IT","url":"https:\/\/secure.gravatar.com\/avatar\/6743211f010801ea26aa9423a2daab37?s=96&d=mm&r=g","contentUrl":"https:\/\/secure.gravatar.com\/avatar\/6743211f010801ea26aa9423a2daab37?s=96&d=mm&r=g","caption":"Diagnostica Mente"},"sameAs":["https:\/\/www.diagnostica-della-mente.it\/blog"],"url":"https:\/\/www.diagnostica-della-mente.it\/blog\/author\/diagnostyka-umyslu\/"}]}},"amp_enabled":true,"_links":{"self":[{"href":"https:\/\/www.diagnostica-della-mente.it\/blog\/wp-json\/wp\/v2\/posts\/1301"}],"collection":[{"href":"https:\/\/www.diagnostica-della-mente.it\/blog\/wp-json\/wp\/v2\/posts"}],"about":[{"href":"https:\/\/www.diagnostica-della-mente.it\/blog\/wp-json\/wp\/v2\/types\/post"}],"author":[{"embeddable":true,"href":"https:\/\/www.diagnostica-della-mente.it\/blog\/wp-json\/wp\/v2\/users\/1"}],"replies":[{"embeddable":true,"href":"https:\/\/www.diagnostica-della-mente.it\/blog\/wp-json\/wp\/v2\/comments?post=1301"}],"version-history":[{"count":3,"href":"https:\/\/www.diagnostica-della-mente.it\/blog\/wp-json\/wp\/v2\/posts\/1301\/revisions"}],"predecessor-version":[{"id":1484,"href":"https:\/\/www.diagnostica-della-mente.it\/blog\/wp-json\/wp\/v2\/posts\/1301\/revisions\/1484"}],"wp:featuredmedia":[{"embeddable":true,"href":"https:\/\/www.diagnostica-della-mente.it\/blog\/wp-json\/wp\/v2\/media\/1317"}],"wp:attachment":[{"href":"https:\/\/www.diagnostica-della-mente.it\/blog\/wp-json\/wp\/v2\/media?parent=1301"}],"wp:term":[{"taxonomy":"category","embeddable":true,"href":"https:\/\/www.diagnostica-della-mente.it\/blog\/wp-json\/wp\/v2\/categories?post=1301"},{"taxonomy":"post_tag","embeddable":true,"href":"https:\/\/www.diagnostica-della-mente.it\/blog\/wp-json\/wp\/v2\/tags?post=1301"}],"curies":[{"name":"wp","href":"https:\/\/api.w.org\/{rel}","templated":true}]}}